{"id":2484,"date":"2019-10-21T14:33:56","date_gmt":"2019-10-21T13:33:56","guid":{"rendered":"http:\/\/www.mymoments.de\/blog\/?p=2484"},"modified":"2022-10-28T15:15:48","modified_gmt":"2022-10-28T14:15:48","slug":"achtung-catalina-update","status":"publish","type":"post","link":"https:\/\/mymoments.de\/blog\/achtung-catalina-update\/","title":{"rendered":"Achtung Catalina-Update"},"content":{"rendered":"\n<h3 class=\"wp-block-heading\">Fotobuch Anwendung my moments auch f\u00fcr das neue Betriebssystem MacOS Catalina 10.15. seit November &#8217;19 verf\u00fcgbar<\/h3>\n\n\n\n<p>Anfang Oktober 2019 wurden Mac Nutzer aufgefordert, ihr Betriebssystem abzudaten. Das neue Betriebssystem Catalina 10.15 bringt jedoch neben vielen Neuerungen leider auch <strong>schwerwiegende Nachteile<\/strong> f\u00fcr die Mac-Nutzer mit ins Gep\u00e4ck. So werden Programme zum Teil nicht mehr auf dem neuen Betriebssystem funktionieren. Hintergrund ist, dass Apple mit dem neuen Betriebssystem Catalina 10.15 nur noch 64 Bit Anwendungen ausf\u00fchrt. Etliche Softwareanbieter sind nun gezwungen, ihre Anwendungen entsprechend anzupassen. Dies ist in vielen F\u00e4llen nicht trivial und so werden die Mac-Nutzer mit diesem neuen Betriebssystem eine Zeit lang warten m\u00fcssen, bis sie ihre geliebte Software, die von Drittanbietern stammt, wieder nutzen k\u00f6nnen. <strong>my moments hat seit November 2019 seine Software angepasst. <\/strong><\/p>\n\n\n\n<figure class=\"wp-block-image\"><img loading=\"lazy\" decoding=\"async\" width=\"1024\" height=\"684\" src=\"http:\/\/www.mymoments.de\/blog\/wp-content\/uploads\/DSC075955208-1024x684.jpg\" alt=\"my moments Fotobuch\" class=\"wp-image-2392\"\/><figcaption>my moments Fotobuch-Software wird seit November 19 auch durch Catalina unterst\u00fctzt<\/figcaption><\/figure>\n\n\n\n<p>W\u00e4hrend die verschiedenen Software Anbieter ihre Anwendungen noch anpassen k\u00f6nnen, wird es bei dem bei der einen oder anderen Hardware allerdings noch etwas problematischer f\u00fcr die Nutzer. So k\u00f6nnen teilweise Drucker nicht mehr genutzt werden.<\/p>\n\n\n\n<p>Mac-Nutzer erhalten in dem Tool &#8222;\u00dcber diesen Mac&#8220; Informationen, welche Programme nicht mehr unter MacOS Catalina funktionieren. Unter &#8222;System-Bericht&#8220; werden alle Anwendungen aufgelistet, die mit Catalina nicht mehr laufen. In diesem Zusammenhang verweisen wir auf einen <a href=\"https:\/\/www.zdnet.de\/88370873\/macos-catalina-10-15-die-64-bit-insel\/\">Bericht von ZDNet<\/a> . Wichtig in diesem Beitrag ist der Hinweis auf die zuk\u00fcnftige Nutzung von Hardware.<\/p>\n\n\n\n<h2 class=\"wp-block-heading\">Keine \u00fcbereilten Updates durchf\u00fchren.<\/h2>\n\n\n\n<p>Wer neben dem Standard-Programmen weitere Software verwendet, die vom freien Anbietern bezogen wurden, sollte sich zun\u00e4chst an diesen Anbietern wenden und fragen, ob die geliebte Software vom neuen Betriebssystem Catalina auf 64 Bit Basis unterst\u00fctzt wird. Erst wenn hier\u00fcber Gewissheit besteht, empfehlen wir das Update durchzuf\u00fchren.<\/p>\n\n\n\n<p>Wer Schwierigkeiten mit dem my moments Programm hat, kann sich vertrauensvoll an my moments wenden: 040 \u2013 70 70 07 70 oder <a href=\"mailto:info@mymoments.de\">info@mymoments.de<\/a><\/p>\n","protected":false},"excerpt":{"rendered":"<p>Fotobuch Anwendung my moments auch f\u00fcr das neue Betriebssystem MacOS Catalina 10.15. seit November &#8217;19 verf\u00fcgbar Anfang Oktober 2019 wurden Mac Nutzer aufgefordert, ihr Betriebssystem abzudaten. Das neue Betriebssystem Catalina 10.15 bringt jedoch neben vielen Neuerungen leider auch schwerwiegende Nachteile f\u00fcr die Mac-Nutzer mit ins Gep\u00e4ck. So werden Programme zum Teil nicht mehr auf dem [&hellip;]<\/p>\n","protected":false},"author":3,"featured_media":2024,"comment_status":"closed","ping_status":"open","sticky":false,"template":"","format":"standard","meta":{"_mi_skip_tracking":false,"_monsterinsights_sitenote_active":false,"_monsterinsights_sitenote_note":"","_monsterinsights_sitenote_category":0,"footnotes":""},"categories":[102,1],"tags":[575,573,574],"class_list":["post-2484","post","type-post","status-publish","format-standard","has-post-thumbnail","hentry","category-fotobuecher","category-home","tag-apple-catalina-fotobuch","tag-fotobuch-catalina","tag-mac-catalina-foto"],"aioseo_notices":[],"jetpack_featured_media_url":"https:\/\/mymoments.de\/blog\/wp-content\/uploads\/Fotolia_108258710_S658.jpg","_links":{"self":[{"href":"https:\/\/mymoments.de\/blog\/wp-json\/wp\/v2\/posts\/2484"}],"collection":[{"href":"https:\/\/mymoments.de\/blog\/wp-json\/wp\/v2\/posts"}],"about":[{"href":"https:\/\/mymoments.de\/blog\/wp-json\/wp\/v2\/types\/post"}],"author":[{"embeddable":true,"href":"https:\/\/mymoments.de\/blog\/wp-json\/wp\/v2\/users\/3"}],"replies":[{"embeddable":true,"href":"https:\/\/mymoments.de\/blog\/wp-json\/wp\/v2\/comments?post=2484"}],"version-history":[{"count":9,"href":"https:\/\/mymoments.de\/blog\/wp-json\/wp\/v2\/posts\/2484\/revisions"}],"predecessor-version":[{"id":2518,"href":"https:\/\/mymoments.de\/blog\/wp-json\/wp\/v2\/posts\/2484\/revisions\/2518"}],"wp:featuredmedia":[{"embeddable":true,"href":"https:\/\/mymoments.de\/blog\/wp-json\/wp\/v2\/media\/2024"}],"wp:attachment":[{"href":"https:\/\/mymoments.de\/blog\/wp-json\/wp\/v2\/media?parent=2484"}],"wp:term":[{"taxonomy":"category","embeddable":true,"href":"https:\/\/mymoments.de\/blog\/wp-json\/wp\/v2\/categories?post=2484"},{"taxonomy":"post_tag","embeddable":true,"href":"https:\/\/mymoments.de\/blog\/wp-json\/wp\/v2\/tags?post=2484"}],"curies":[{"name":"wp","href":"https:\/\/api.w.org\/{rel}","templated":true}]}}