{"id":2015,"date":"2016-05-09T10:07:33","date_gmt":"2016-05-09T09:07:33","guid":{"rendered":"http:\/\/www.mymoments.de\/blog\/?p=2015"},"modified":"2020-05-14T19:14:36","modified_gmt":"2020-05-14T18:14:36","slug":"apple_elcapitan_fotos","status":"publish","type":"post","link":"https:\/\/mymoments.de\/blog\/apple_elcapitan_fotos\/","title":{"rendered":"Finger weg vom Mac? \u2013 Probleme bei der Fotobucherstellung"},"content":{"rendered":"\n<figure class=\"wp-block-image\"><a href=\"https:\/\/mymoments.de\/fotobuch\/fotobuch-software-download\/\"><img loading=\"lazy\" decoding=\"async\" width=\"728\" height=\"90\" src=\"http:\/\/www.mymoments.de\/blog\/wp-content\/uploads\/mymoments_banner.gif\" alt=\"\" class=\"wp-image-1566\"\/><\/a><\/figure>\n\n\n<h3 style=\"text-align: justify;\">OS X El Capitan (OS X 10.11) ist das Betriebssystem von Apple, das den Vorg\u00e4nger OS X Yosemite am 30. September 2015 abgel\u00f6st hat. Und das Betriebssystem brachte leider nicht nur Gutes mit sich. F\u00fcr Nutzer von Fotobearbeitungsprogrammen hat sich n\u00e4mlich einiges ver\u00e4ndert. iPhoto und Aperture wurden im Zuge des Updates in Rente geschickt und automatisch durch eine Foto-App, die schlichtweg den Namen \u201eFotos\u201c tr\u00e4gt, ersetzt. Nicht so schlimm? Vielleicht. Wenn dadurch nicht diese Unordnung entstehen w\u00fcrde und man sein geliebtes Fotobuchprogramm einfach weiter verwenden k\u00f6nnte. Lesen Sie mehr \u00fcber Hindernisse und L\u00f6sungen.<\/h3>\n<p style=\"text-align: justify;\"><strong>\u201eEl Capitan\u201c \u2013 Ein Segen?<\/strong><br \/>Nicht alles ist schlecht an \u201eEl Capitan\u201c. Das w\u00e4re auch komisch, denn ein Update eines Betriebssystems dient normalerweise immer dazu, Fehler zu beheben, die Benutzerfreundlichkeit zu steigern und den Workflow zu optimieren. Ein gutes Beispiel hierf\u00fcr ist Apples iCloud Photo Library. Der neue Cloud-Service schaffte es, allen Apple-Ger\u00e4ten gleicherma\u00dfen einen Zugriff auf eine einheitliche Foto Datenbank zu gew\u00e4hren und diese \u00fcber iCloud zu synchronisieren. So sind alle Fotos immer und von jedem Ger\u00e4t aus fast augenblicklich zu erreichen. Zus\u00e4tzlich regelt die Photo Library das Problem mit dem Speicherplatz sehr elegant. Je nachdem, wie viel Speicherplatz der Nutzer f\u00fcr seine Fotos hergeben will \u2013 auf dem Handy f\u00fcr gew\u00f6hnlich nicht so viel \u2013 k\u00f6nnen diesbez\u00fcglich Optionen ausgew\u00e4hlt werden. H\u00f6rt sich doch erst einmal gar nicht so verkehrt an. Wo ist also das Problem?<\/p>\n<p style=\"text-align: justify;\">Eine Ahnung bekommt man vielleicht, wenn man sich die Ausf\u00fchrungen des <a href=\"https:\/\/support.apple.com\/kb\/PH21923?viewlocale=de_DE&amp;locale=de_DE\" target=\"_blank\" rel=\"noopener noreferrer\">Apple Supports<\/a> anschaut. Auf ihrer Homepage hei\u00dft es w\u00f6rtlich:<\/p>\n<blockquote>\n<p style=\"text-align: justify;\"><em>&gt;&gt;Wenn Sie nicht auf OS X10.10.3 (oder neuer) aktualisiert haben und dann auf OS X El Capitan aktualisieren, wird die neue App \u201eFotos\u201c automatisch installiert. Wenn Sie die App \u201eFotos\u201c zum ersten Mal auf Ihrem Mac \u00f6ffnen, wird die Fotomediathek aktualisiert. Die aktualisierte Mediathek ist mit der App \u201eFotos\u201c und iPhoto (sofern installiert) kompatibel. \u00c4nderungen, die Sie in der App \u201eFotos\u201c vornehmen, werden jedoch in iPhoto nicht angezeigt und umgekehrt. Wenn Sie zuvor iPhoto auf Ihrem Mac verwendet haben, ist die App weiterhin auf dem Mac verf\u00fcgbar. Die Apps k\u00f6nnen \u00fcber das Launchpad oder den Ordner \u201eProgramme\u201c im Finder ge\u00f6ffnet werden. Es wird jedoch dringend empfohlen, die App \u201eFotos\u201c statt iPhoto zu verwenden.&lt;&lt;<\/em><\/p>\n<\/blockquote>\n<p style=\"text-align: justify;\"><strong>Was hei\u00dft das in der Praxis f\u00fcr den Mac-Kunden?<\/strong><br \/>W\u00e4hrend iPhoto f\u00fcr viele Nutzer eine Sammelstelle ihrer Fotos war und durch das Organisations-Feature \u201eEreignisse\u201c Fotos nach Ort und Zeit zusammengefasst und geordnet hat, ist in \u201eFotos\u201c nun eine erhebliche Umstellung erforderlich. Die \u00dcbersichtlichkeit, Einfachheit und Sinnhaftigkeit ist teilweise verloren gegangen. Denn die Ereignisse, die man unter iPhoto abgespeichert hat, werden bei der Synchronisierung zu \u201eFotos\u201c nicht \u00fcbernommen. Vielmehr findet man sich in einem Wust von Ordnern und Fotos wieder, wenn man sie aus den \u201eAlben\u201c, wie die Ereignisse in Fotos nun hei\u00dfen, entfernt. Fast schon willk\u00fcrlich durcheinandergew\u00fcrfelt wirkt das. Zumal das erneute Sortieren nach Aufnahmedatum nicht m\u00f6glich ist. Ob man da eine Wahl hat? Erst einmal nicht. Denn das Update bringt \u201eFotos\u201c unbarmherzig mit sich.<\/p>\n<div id=\"attachment_2025\" style=\"width: 668px\" class=\"wp-caption alignleft\"><img loading=\"lazy\" decoding=\"async\" aria-describedby=\"caption-attachment-2025\" class=\"size-full wp-image-2025\" src=\"http:\/\/www.mymoments.de\/blog\/wp-content\/uploads\/2.-unendlicher-Pfad.png\" alt=\"Ein unendlicher Pfad f\u00fchrt zu wahllos erscheinend beschrifteten Ordnern. Durchblick Fehalanzeige.\" width=\"658\" height=\"399\" srcset=\"https:\/\/mymoments.de\/blog\/wp-content\/uploads\/2.-unendlicher-Pfad.png 658w, https:\/\/mymoments.de\/blog\/wp-content\/uploads\/2.-unendlicher-Pfad-300x181.png 300w\" sizes=\"(max-width: 658px) 100vw, 658px\" \/><p id=\"caption-attachment-2025\" class=\"wp-caption-text\"><strong><em>Ein unendlicher Pfad f\u00fchrt unter der Fotomediathek von der appleeigenen &#8222;Fotos&#8220;-App zu scheinbar wahllos beschrifteten Ordnern. Durchblick? Fehlanzeige!<\/em><\/strong><\/p><\/div>\n<p style=\"text-align: justify;\">Die neue Fotos-App wurde bereits unter Yosemite eingef\u00fchrt und l\u00e4sst sich nach wie vor nur dann sinnvoll nutzen, wenn alle Fotos auf dem Computer in der iCloud gespeichert sind. Zwar k\u00f6nnen die Fotos in \u201eFotos\u201c mittlerweile bearbeitet werden, aber Selbstbestimmung, ob Fotos aus externen Programmen darin landen, ist nicht m\u00f6glich. Auch hat das erweiterte Bearbeiten seinen Preis. Im App-Store stehen zahlreiche Erweiterungen bereit, die den Nutzer zwischen 4,99 Euro f\u00fcr einfache Apps und sogar 17,99 Euro f\u00fcr Plugins, die etwas umfangreicher sind, kosten. Da bes\u00e4nftigt auch die einfache Integrierbarkeit der Apps in \u201eFotos\u201c nicht wirklich.<br \/>Besonders \u00e4rgerlich wird dieser ganze Zustand, wenn man seit dem Update Fotobearbeitungsprogramme bzw. Fotobuch-Apps verwenden m\u00f6chte. Jedes Foto, das verwendet werden soll, muss einzeln in einem endlos langem Ordner-Pfad erst einmal aufgesp\u00fcrt werden. Das ist nicht nur nervig f\u00fcr die Kunden, sondern auch gesch\u00e4ftssch\u00e4digend f\u00fcr die Fotobuch-Anbieter, die sich mit dem berechtigten Groll und den verzweifelten Kunden auseinandersetzen m\u00fcssen. Der einzige Gewinner in diesem Spiel ist Apple, der sich mit seinen kostenpflichtigen Apps die Taschen vollstopft.<\/p>\n<div id=\"attachment_2024\" style=\"width: 668px\" class=\"wp-caption alignleft\"><img loading=\"lazy\" decoding=\"async\" aria-describedby=\"caption-attachment-2024\" class=\"size-full wp-image-2024\" src=\"http:\/\/www.mymoments.de\/blog\/wp-content\/uploads\/Fotolia_108258710_S658.jpg\" alt=\"Zum Haare raufen - Die neue App &quot;Fotos&quot; bringt nicht nur Positives f\u00fcr den Apple-User und Fotobuch-Anbieter mit sich\" width=\"658\" height=\"439\" srcset=\"https:\/\/mymoments.de\/blog\/wp-content\/uploads\/Fotolia_108258710_S658.jpg 658w, https:\/\/mymoments.de\/blog\/wp-content\/uploads\/Fotolia_108258710_S658-300x200.jpg 300w\" sizes=\"(max-width: 658px) 100vw, 658px\" \/><p id=\"caption-attachment-2024\" class=\"wp-caption-text\"><strong><em>Zum Haare raufen &#8211; Die neue App &#8222;Fotos&#8220; bringt nicht nur Positives f\u00fcr den Apple-User und Fotobuch-Anbieter mit sich<\/em><\/strong><\/p><\/div>\n<p style=\"text-align: justify;\">Nun gibt es vergleichsweise wenige Fotobuchprogramme, die auf einem Mac \u00fcberhaupt zu verwenden sind. Und nur ein Teil dieser Fotobuchprogramme bedient sich tats\u00e4chlich der Fototools iPhoto oder Fotos. Die Fotobuchsoftware my moments hat beispielsweise vorausschauend auf iPhoto verzichtet, weil sich Schnittstellen viel zu h\u00e4ufig ver\u00e4ndern, dann zu Problemen beim Auffinden der Fotos f\u00fchren und der Aufwand f\u00fcr den Anbieter zu hoch w\u00e4re, die Software immer wieder anzupassen. Als Fotobuchprogramm, das mit einem Apple Betriebssystem kompatibel ist, greift es auf den Finder zur\u00fcck, um Bilder f\u00fcr das Fotobuch zu importieren. Diese wurden zuvor vom Fotobuchprogramm-Nutzer manuell in Ordnern organisiert.<\/p>\n<div id=\"attachment_2026\" style=\"width: 668px\" class=\"wp-caption alignleft\"><img loading=\"lazy\" decoding=\"async\" aria-describedby=\"caption-attachment-2026\" class=\"size-full wp-image-2026\" src=\"http:\/\/www.mymoments.de\/blog\/wp-content\/uploads\/mit-dem-Finder.png\" alt=\"Das Imprtieren von Bildern in die my moments Fotoapp sieht \u00fcber den Finder \u00fcbersichtlich aus. Alles hat dort seinen Platz, wo Sie es einsortiert haben.\" width=\"658\" height=\"401\" srcset=\"https:\/\/mymoments.de\/blog\/wp-content\/uploads\/mit-dem-Finder.png 658w, https:\/\/mymoments.de\/blog\/wp-content\/uploads\/mit-dem-Finder-300x182.png 300w\" sizes=\"(max-width: 658px) 100vw, 658px\" \/><p id=\"caption-attachment-2026\" class=\"wp-caption-text\"><strong><em>Das Importieren von Bildern in die my moments Fotoapp sieht \u00fcber den Finder \u00fcbersichtlich aus. Alles hat dort seinen Platz, wo Sie es einsortiert haben.<\/em><\/strong><\/p><\/div>\n<p style=\"text-align: justify;\">Um Fotos auf dem Mac schnell wiederzufinden, empfiehlt es sich, nach Themen oder Datum sortierte Ordner manuell anzulegen. Dazu muss man lediglich den Finder \u00f6ffnen, einen Speicherort ausw\u00e4hlen und dort mithilfe des Einstellungsr\u00e4dchens am oberen Rand einen neuen Ordner erstellen. Die Fotos k\u00f6nnen dann ganz einfach vom Ger\u00e4t in den Ordnern abgelegt werden. Falls die Bilder bereits in Fotos oder iPhoto importiert sind und sonst auf keinem Ihrer Ger\u00e4te mehr vorhanden sind, ist der Weg etwas umst\u00e4ndlicher. W\u00e4hlen Sie die Fotos aus, die Sie in der Fotobuch-App verwenden wollen, klicken Sie auf Ablage und exportieren, w\u00e4hlen Sie das Format aus und ob Sie die gespeicherten Informationen mit exportieren wollen. Nun k\u00f6nnen Sie den Ordner im Finder ausw\u00e4hlen, in dem Sie die Fotos speichern wollen. Falls Sie Ihren Bildern in Fotos bereits Informationen zugewiesen haben, k\u00f6nnen Sie nach diesem Prinzip auch ganze Alben exportieren. Wer grunds\u00e4tzlich alles Fotos immer auch manuell ablegt und sich nicht vollst\u00e4ndig auf die maceigenen Fototools verlassen hat, wird hier keine Probleme haben.<\/p>\n<p style=\"text-align: justify;\"><img loading=\"lazy\" decoding=\"async\" class=\"alignleft size-full wp-image-2027\" src=\"http:\/\/www.mymoments.de\/blog\/wp-content\/uploads\/4.-Aus-Fotos-exportieren.png\" alt=\"4. Aus Fotos exportieren\" width=\"658\" height=\"464\" srcset=\"https:\/\/mymoments.de\/blog\/wp-content\/uploads\/4.-Aus-Fotos-exportieren.png 658w, https:\/\/mymoments.de\/blog\/wp-content\/uploads\/4.-Aus-Fotos-exportieren-300x211.png 300w\" sizes=\"(max-width: 658px) 100vw, 658px\" \/> <img loading=\"lazy\" decoding=\"async\" class=\"alignleft size-full wp-image-2028\" src=\"http:\/\/www.mymoments.de\/blog\/wp-content\/uploads\/5.-Exportieren.png\" alt=\"5. Exportieren\" width=\"658\" height=\"452\" srcset=\"https:\/\/mymoments.de\/blog\/wp-content\/uploads\/5.-Exportieren.png 658w, https:\/\/mymoments.de\/blog\/wp-content\/uploads\/5.-Exportieren-300x206.png 300w\" sizes=\"(max-width: 658px) 100vw, 658px\" \/><\/p>\n<div id=\"attachment_2029\" style=\"width: 668px\" class=\"wp-caption alignleft\"><img loading=\"lazy\" decoding=\"async\" aria-describedby=\"caption-attachment-2029\" class=\"size-full wp-image-2029\" src=\"http:\/\/www.mymoments.de\/blog\/wp-content\/uploads\/6.-in-Ordner-speichern.png\" alt=\"Um Ihre Bilder aus &quot;Fotos&quot; zu exportieren, m\u00fcsen Sie lediglich diese Schritte vornehmen. Gespeichert in einem manuell angelegten Ordner geraten sie sicher nie wieder in die Gefahr, updatebedingt durcheinanderzugeraten.\" width=\"658\" height=\"399\" srcset=\"https:\/\/mymoments.de\/blog\/wp-content\/uploads\/6.-in-Ordner-speichern.png 658w, https:\/\/mymoments.de\/blog\/wp-content\/uploads\/6.-in-Ordner-speichern-300x181.png 300w\" sizes=\"(max-width: 658px) 100vw, 658px\" \/><p id=\"caption-attachment-2029\" class=\"wp-caption-text\"><em><strong>Um Ihre Bilder aus &#8222;Fotos&#8220; zu exportieren, m\u00fcssen Sie lediglich diese Schritte vornehmen. Gespeichert in einem manuell angelegten Ordner laufen sie sicher nie wieder Gefahr, updatebedingt durcheinanderzugeraten.<\/strong><\/em><\/p><\/div>\n<p style=\"text-align: justify;\"><strong>Gibt es eine Alternative?<\/strong><br \/>Es stellt sich die Frage, ob es da nicht doch irgendein Schlupfloch gibt, diesen unangenehmen Neuerungen aus dem Weg zu gehen? Ja, das gibt es. Aber&#8230;<br \/>Grunds\u00e4tzlich empfiehlt es sich bei dieser Vorgeschichte\u00a0 wie schon angeklungen-, die eigenen Fotos immer auch manuell zu ordnen. Das ist zwar einmal aufwendig, h\u00e4lt aber garantiert jedem Update stand. Das Anlegen von Ordnern auf dem Computer ist sinnvoll und kann durch kostenlose Synchronisierungsprogramme und Clouds wie Dropbox auch auf anderen Endger\u00e4ten abrufbar gemacht werden.<br \/>Wem das zu umst\u00e4ndlich ist, der kann momentan noch zu iPhoto und Aperture zur\u00fcckkehren. Zwischendurch waren beide Programme aus dem AppStore zwar verschwunden, sind jetzt aber wieder als Download verf\u00fcgbar. Diese Option kommt allerdings nur f\u00fcr diejenigen infrage, die schon einmal iPhoto auf ihrem Mac installiert hatten (f\u00fcr alle Neukunden ist es wahrscheinlich auch nicht so relevant, da sie von vornherein \u201eFotos\u201c benutzt haben und keine Umstellungs-Aufr\u00e4umarbeit leisten m\u00fcssen). Nach der Neuinstallation von OS X kann iPhoto im Mac App Store unter \u201eGekaufte Artikel\u201c heruntergeladen werden. Doch Achtung: Auch wenn sie iPhoto neu installiert haben, bleibt f\u00fcr die Verwaltung von Bildern die neue Fotos-App als Standardprogramm eingestellt. Um iPhoto als prim\u00e4re Fotoanwendung festzulegen, m\u00fcssen Sie einige Einstellungen vornehmen. Schlie\u00dfen Sie einen Foto-Datentr\u00e4ger (z.B. ein Tablet) an Ihren Mac sodass sich automatisch \u201eFotos\u201c f\u00fcr den Import von Bildern \u00f6ffnet. Hier gibt es eine Option, die sich \u201eFotos \u00f6ffnen\u201c nennt. Diese deaktivieren Sie bitte und schlie\u00dfen die Anwendung wieder. \u00d6ffnen Sie nun das Programm \u201eDigitale Bilder\u201c und unter \u201eAnschlie\u00dfen der Kamera\u201c w\u00e4hlen Sie bitte \u201eiPhoto\u201c aus.<br \/>Fortan k\u00f6nnen Sie Ihre Bilder wieder \u00fcber \u201eFotos\u201c importieren und organisieren.<\/p>\n<p style=\"text-align: justify;\">Ob Apple iPhoto bereits in naher Zukunft ganz aus dem App-Store nimmt, bleibt abzuwarten. Die App \u201eFotos\u201c hat sicher einige Vorteile und frischen Mac-Erstbesitzern bereitet sie mit ihrer ger\u00e4te\u00fcbergreifenden Verwendbarkeit eine tolle Vereinfachung, ehemaligen iPhoto-Usern und Fotobegeisterten kostet sie jedoch einen Haufen Nerven und beschert ihnen vermutlich eine b\u00f6se \u00dcberraschung.<\/p>\n<p style=\"text-align: justify;\">\u00a0<\/p>\n<p style=\"text-align: justify;\">Artikel: Madeline Jost \/ my moments<\/p>","protected":false},"excerpt":{"rendered":"<p>OS X El Capitan (OS X 10.11) ist das Betriebssystem von Apple, das den Vorg\u00e4nger OS X Yosemite am 30. September 2015 abgel\u00f6st hat. Und das Betriebssystem brachte leider nicht nur Gutes mit sich. F\u00fcr Nutzer von Fotobearbeitungsprogrammen hat sich n\u00e4mlich einiges ver\u00e4ndert. iPhoto und Aperture wurden im Zuge des Updates in Rente geschickt und [&hellip;]<\/p>\n","protected":false},"author":3,"featured_media":2023,"comment_status":"open","ping_status":"open","sticky":true,"template":"","format":"standard","meta":{"_mi_skip_tracking":false,"_monsterinsights_sitenote_active":false,"_monsterinsights_sitenote_note":"","_monsterinsights_sitenote_category":0,"footnotes":""},"categories":[99,100,1],"tags":[420,422,431,413,423,430,428,418,414,419,218,221,415,417,421,426,427,424,416,429,425],"class_list":["post-2015","post","type-post","status-publish","format-standard","has-post-thumbnail","hentry","category-fototechnik","category-fotoworkshops-tipps","category-home","tag-alternative-zum-mac","tag-aperture","tag-app-store","tag-apple","tag-apple-support","tag-apple-update","tag-betriebssystem","tag-cloud","tag-el-capitan","tag-foto-bibliothek","tag-fotobearbeitung","tag-fotos","tag-iphoto","tag-mac","tag-macbook","tag-os-x-10-10-3","tag-os-x-10-3","tag-os-x-el-capitan","tag-probleme","tag-update","tag-yosemite"],"aioseo_notices":[],"jetpack_featured_media_url":"https:\/\/mymoments.de\/blog\/wp-content\/uploads\/Fotolia_108258710_S321.jpg","_links":{"self":[{"href":"https:\/\/mymoments.de\/blog\/wp-json\/wp\/v2\/posts\/2015"}],"collection":[{"href":"https:\/\/mymoments.de\/blog\/wp-json\/wp\/v2\/posts"}],"about":[{"href":"https:\/\/mymoments.de\/blog\/wp-json\/wp\/v2\/types\/post"}],"author":[{"embeddable":true,"href":"https:\/\/mymoments.de\/blog\/wp-json\/wp\/v2\/users\/3"}],"replies":[{"embeddable":true,"href":"https:\/\/mymoments.de\/blog\/wp-json\/wp\/v2\/comments?post=2015"}],"version-history":[{"count":11,"href":"https:\/\/mymoments.de\/blog\/wp-json\/wp\/v2\/posts\/2015\/revisions"}],"predecessor-version":[{"id":2517,"href":"https:\/\/mymoments.de\/blog\/wp-json\/wp\/v2\/posts\/2015\/revisions\/2517"}],"wp:featuredmedia":[{"embeddable":true,"href":"https:\/\/mymoments.de\/blog\/wp-json\/wp\/v2\/media\/2023"}],"wp:attachment":[{"href":"https:\/\/mymoments.de\/blog\/wp-json\/wp\/v2\/media?parent=2015"}],"wp:term":[{"taxonomy":"category","embeddable":true,"href":"https:\/\/mymoments.de\/blog\/wp-json\/wp\/v2\/categories?post=2015"},{"taxonomy":"post_tag","embeddable":true,"href":"https:\/\/mymoments.de\/blog\/wp-json\/wp\/v2\/tags?post=2015"}],"curies":[{"name":"wp","href":"https:\/\/api.w.org\/{rel}","templated":true}]}}