{"id":1815,"date":"2015-10-11T16:06:43","date_gmt":"2015-10-11T15:06:43","guid":{"rendered":"http:\/\/www.mymoments.de\/blog\/?p=1815"},"modified":"2023-11-28T14:54:15","modified_gmt":"2023-11-28T13:54:15","slug":"fotokalender","status":"publish","type":"post","link":"https:\/\/mymoments.de\/blog\/fotokalender\/","title":{"rendered":"Der Geschenktipp f\u00fcr Geburtstage und Weihnachten: Ein pers\u00f6nlicher Kalender, der unter die Haut geht."},"content":{"rendered":"<h3 style=\"text-align: justify;\">Weihnachten naht, doch f\u00fcr individuelle und sehr emotionale Geschenke, die man bequem von Zuhause gestalten kann, ist immer noch ausreichend Zeit. In diesem Zusammenhang empfehlen wir beeindruckende Fotokalender oder sehr praktische und pers\u00f6nliche Familienkalender. Mit einem pers\u00f6nlichen <a href=\"http:\/\/www.mymoments.de\/fotokalender.html\" target=\"_blank\" rel=\"noopener noreferrer\">Fotokalender von my moments<\/a> verschenken Sie zu Weihnachten Ihre emotionalsten, witzigsten und atemberaubendsten Momente des bakd ablaufenden Jahres und bereiten dem Beschenkten eine Freude f\u00fcr die folgenden 12 Monate. Durch die flexiblen Anwendungsm\u00f6glichkeiten des my moments Bearbeitungsprogramms sind Ihrer Kreativit\u00e4t keine Grenzen gesetzt. Das Ergebnis: Ein individueller Fotokalender, der Herzen h\u00f6her schlagen l\u00e4sst. Kleine Gestaltungstipps f\u00fcr Ihr aufregendes Geschenk wollen wir Ihnen nat\u00fcrlich nicht vorenthalten.<\/h3>\n<p style=\"text-align: justify;\"><span style=\"text-decoration: underline;\">Gestaltungstipps<\/span><br \/>\nWenn Sie unsere Seite besuchen, sehen Sie, dass unsere Fotokalender-Bearbeitungssoftware viele tolle M\u00f6glichkeiten zur individuellen Gestaltung bietet. Sie k\u00f6nnen zwischen unterschiedlichen Formaten w\u00e4hlen, damit Ihr Geschenk auch die Aufmerksamkeit bekommt, die es verdient. Vielleicht m\u00f6chten Sie einen Familien entwerfen, der den Jubilar oder die Mutter zu Tr\u00e4nen r\u00fchrt? Einen K\u00fcchenkalender gestalten, der allen Betrachtern das Wasser im Mund zusammenlaufen l\u00e4sst? Lieber etwas dezenter als Wandkalender im A4- oder A3-Format? Oder doch das XXL-Querformat, weil die Motive einfach zu sch\u00f6n zum Verstecken sind? Kein Problem. Hier sind Ihren W\u00fcnschen keine Grenzen gesetzt.<br \/>\nmy moments bietet Ihnen au\u00dferdem die M\u00f6glichkeit, Ihr Kalendarium flexibel zu gestalten. Wenn Sie beispielsweise Ihrer Mutter oder Ihrem Vater sp\u00e4ter im Februar einen Kalender zum Geburtstag schenken wollen, k\u00f6nnen Sie die erste Seite Ihres Geschenks auch v\u00f6llig frei mit dem M\u00e4rz beginnen.<br \/>\nNeben fertigen Designs k\u00f6nnen Sie alles auch selber gestalten. Oder Sie w\u00e4hlen eine Mischung. Fertige Designs k\u00f6nnen n\u00e4mlich ebenfalls nachtr\u00e4glich ver\u00e4ndert werden.<br \/>\nVerschiedene tolle Schriftarten und Rahmen runden das Angebot an.<\/p>\n<p><img loading=\"lazy\" decoding=\"async\" class=\"alignnone wp-image-2737 size-full\" src=\"https:\/\/mymoments.de\/blog\/wp-content\/uploads\/Kalender-Vorlagen-21.jpg\" alt=\"\" width=\"1280\" height=\"569\" srcset=\"https:\/\/mymoments.de\/blog\/wp-content\/uploads\/Kalender-Vorlagen-21.jpg 1280w, https:\/\/mymoments.de\/blog\/wp-content\/uploads\/Kalender-Vorlagen-21-300x133.jpg 300w, https:\/\/mymoments.de\/blog\/wp-content\/uploads\/Kalender-Vorlagen-21-1024x455.jpg 1024w, https:\/\/mymoments.de\/blog\/wp-content\/uploads\/Kalender-Vorlagen-21-768x341.jpg 768w\" sizes=\"(max-width: 1280px) 100vw, 1280px\" \/><\/p>\n<p style=\"text-align: justify;\"><span style=\"text-decoration: underline;\"> Die richtigen Farben<\/span><br \/>\nDie Farbgebung ist elementar, wenn es um die Gestaltung von Geschenken geht. Ob Sie den Kalender v\u00f6llig neu gestalten oder eine Designvorlage verwenden: Es gibt wunderbare M\u00f6glichkeiten Emotionen \u00fcber Farben zu vermitteln. Manch einer mag die warmen, weichen Farben wie Rot, Gelb und Orange, ein anderer genie\u00dft es, die Nat\u00fcrlichkeit von Erdt\u00f6nen zu betrachten, ein Dritter kann sich gar nicht sattsehen an k\u00fchlen, fast schon distanziert kolorierten Hintergr\u00fcnden in Eisblau und Grau. Es ist manchmal aber gar nicht so einfach, sich f\u00fcr ein dem Anlass entsprechendes Farbkonzept zu entscheiden. Vor allem, wenn es darum geht, welche Farben auch wirklich zusammenpassen. Nicht selten bei\u00dfen sich zwei Farben und der Gesamteindruck des Kalenders wird so ungewollt in Mitleidenschaft gezogen.<br \/>\nUmso besser, dass es Programme gibt, die uns richtig gut dabei helfen k\u00f6nnen, nicht ins Farb-Fettn\u00e4pfchen zu treten. Zum Beispiel die <a href=\"http:\/\/paletton.com\/#uid=1000u0kllllaFw0g0qFqFg0w0aF\" target=\"_blank\" rel=\"noopener noreferrer\">Online Applikation Paletton<\/a>. Aus einem riesigen Farbkreis k\u00f6nnen Sie Ihre Lieblings-Grundfarbe ausw\u00e4hlen und bekommen im Fenster rechts passende Farbgebungen, die wunderbar miteinander harmonieren. Mit einem Klick auf die Farbe Ihrer Wahl erhalten Sie die RGB-Informationen Ihrer Farbe (unter dem Punkt: RGB[0-225]), drei Zahlen, die Sie in dem my moments-Bearbeitungsprogramm zum Beispiel als farbigen Hintergrund einpflegen k\u00f6nnen. Klicken Sie hierf\u00fcr doppelt auf den einzuf\u00e4rbenden Hintergrund, w\u00e4hlen Sie \u201eFarbiger Hintergrund\u201c aus und klicken dann auf den roten Button \u201eFarbe\u201c. In die Felder R, G und B trage die die Zahlen von Paletton in der richtigen Reihenfolge ein. Fertig! Falls Sie lieber komplement\u00e4re Farben f\u00fcr Ihren Kalender verwenden m\u00f6chten, k\u00f6nnen Sie dies bei Paletton \u00fcber den Schieber \u201eadd complementary\u201c einstellen.<\/p>\n<div id=\"attachment_2541\" style=\"width: 668px\" class=\"wp-caption alignnone\"><img loading=\"lazy\" decoding=\"async\" aria-describedby=\"caption-attachment-2541\" class=\"wp-image-2541\" src=\"http:\/\/www.mymoments.de\/blog\/wp-content\/uploads\/Kalenderblatt.jpg\" alt=\"Kalender als Geschenkidee\" width=\"658\" height=\"444\" srcset=\"https:\/\/mymoments.de\/blog\/wp-content\/uploads\/Kalenderblatt.jpg 898w, https:\/\/mymoments.de\/blog\/wp-content\/uploads\/Kalenderblatt-300x202.jpg 300w, https:\/\/mymoments.de\/blog\/wp-content\/uploads\/Kalenderblatt-768x518.jpg 768w\" sizes=\"(max-width: 658px) 100vw, 658px\" \/><p id=\"caption-attachment-2541\" class=\"wp-caption-text\">Sch\u00f6ne Vorlagen in der my moments Software<\/p><\/div>\n<p style=\"text-align: justify;\"><span style=\"text-decoration: underline;\">Fotos<\/span><br \/>\nF\u00fcr die Auswahl Ihrer Kalenderfotos sollten Sie besonders auf die Qualit\u00e4t achten. Verwenden Sie bitte Bilder, deren Aufl\u00f6sung hoch genug ist. Der Kalender wird Sie darauf hinweisen, welche Gr\u00f6\u00dfe erforderlich ist. Schauen Sie sich Fotos vorher am Bildschirm immer m\u00f6glichst gro\u00df an und pr\u00fcfen Sie sie auf ihre Sch\u00e4rfe, damit Sie hinterher nicht entt\u00e4uscht \u00fcber ein etwaiges Rauschen im Bild sind.<br \/>\nUnser Programm gibt Ihnen die M\u00f6glichkeit, Bilder auch etwas transparenter zu machen. So kann zum Beispiel ein roter Hintergrund noch leicht durch ein Schwarz-Wei\u00df-Bild hindurchscheinen und erzeugt einen warmen Effekt. Lassen Sie Ihrer Kreativit\u00e4t freien Lauf.<br \/>\nVerwenden Sie Aufnahmen, die Gef\u00fchle ausdr\u00fccken und andere Menschen bewegen. Je nachdem, wem Sie den Kalender schenken m\u00f6chten, sind auch die bevorzugten Motive v\u00f6llig unterschiedlich. Ihrer Mutter k\u00f6nnten Sie zum Beispiel einen Kalender gestalten, der Ihre sch\u00f6nsten Pflanzen des ganzen Jahres abbildet, Ihr Sohn freut sich vielleicht eher \u00fcber Motive seiner letzten Fu\u00dfball-Saison. Vielleicht kochen Sie gern, mit Freunden oder zu Zweit. Auch Fotos von kulinarischen Leckereien machen sich wunderbar in der K\u00fcche. Fotos aus der Natur, Bilder von architektonischen Meisterwerken&#8230; Wir sind sicher, Sie finden die ber\u00fchrendste Auswahl f\u00fcr Ihren Geschenkempf\u00e4nger.<\/p>\n<div id=\"attachment_1828\" style=\"width: 668px\" class=\"wp-caption alignleft\"><img loading=\"lazy\" decoding=\"async\" aria-describedby=\"caption-attachment-1828\" class=\"size-full wp-image-1828\" src=\"http:\/\/www.mymoments.de\/blog\/wp-content\/uploads\/Kal4-658.jpg\" alt=\"Sch\u00f6ne Fotos in der richtigen Aufl\u00f6sung sind eine Augenweide.\" width=\"658\" height=\"411\" srcset=\"https:\/\/mymoments.de\/blog\/wp-content\/uploads\/Kal4-658.jpg 658w, https:\/\/mymoments.de\/blog\/wp-content\/uploads\/Kal4-658-300x187.jpg 300w\" sizes=\"(max-width: 658px) 100vw, 658px\" \/><p id=\"caption-attachment-1828\" class=\"wp-caption-text\"><strong><em>Sch\u00f6ne Fotos in der richtigen Aufl\u00f6sung sind eine Augenweide.<\/em><\/strong><\/p><\/div>\n<p style=\"text-align: justify;\"><span style=\"text-decoration: underline;\">Poetische Spr\u00fcche<\/span><br \/>\nZum Abschluss haben wir noch einen besonderen Tipp f\u00fcr Sie. Wenn Sie in unserem Bearbeitungsprogramm die Designvorlagen f\u00fcr Foto-Wandkalender in A4, A3 oder XXL ausw\u00e4hlen, sehen Sie zu jedem Monat einen kleinen Spruch, ein sch\u00f6nes Gedicht oder eine Weisheit geschrieben. Etwas Poesie gibt Ihrem Kalender noch einmal eine ganz andere Qualit\u00e4t. Die Zitate oder das\u00a0 Gedichtete zeigen Ihren Liebsten, dass Sie sich Gedanken \u00fcber ihn gemacht haben, sich mit seiner Pers\u00f6nlichkeit besch\u00e4ftigt haben. Die Weisheiten sprechen Ihnen vielleicht aus der Seele und sind f\u00fcr den Beschenkten m\u00f6glicherweise der Balsam, den er sich gew\u00fcnscht hat.<br \/>\nFalls Ihnen selbst nichts einfallen sollte oder Sie denken, dass Sie das Schreiben gern anderen \u00fcberlassen m\u00f6chten, gibt es unz\u00e4hlige Seiten im Internet, die vielerlei Zitate von ber\u00fchmten oder nicht so bekannten Pers\u00f6nlichkeiten zusammengetragen haben. Auf ihnen kann man sich nach Herzenslust bedienen.<\/p>\n<p style=\"text-align: justify;\">Meine pers\u00f6nlichen Lieblingsseiten sind:<br \/>\n<a href=\"http:\/\/zitate.net\/\" target=\"_blank\" rel=\"noopener noreferrer\">Zitate.net<\/a>: Hier k\u00f6nnen Sie nach ber\u00fchmten Zitaten suchen. Die Themen und Autoren sind alphabetisch aufgelistet.<br \/>\n<a href=\"http:\/\/www.aphorismen.de\/\" target=\"_blank\" rel=\"noopener noreferrer\">Aphorismen.de<\/a>: Hier finden Sie Aphorismen, Zitate, Spr\u00fcche und Gedichte, sortiert nach Autor, Thema oder Textfragmenten.<br \/>\n<a href=\"http:\/\/zitatezumnachdenken.com\/\" target=\"_blank\" rel=\"noopener noreferrer\">zitatezumnachdenken.com<\/a>: Hier geht es etwas spiritueller zu. Weisheiten finden Sie sortiert nach Autor, Thema und Textfragmenten.<\/p>\n<p style=\"text-align: justify;\">Und jetzt: Viel Spa\u00df beim Gestalten!<\/p>\n<p style=\"text-align: justify;\"><em>Autorin: Madeline Jost \/ my moments<\/em><\/p>\n","protected":false},"excerpt":{"rendered":"<p>Weihnachten naht, doch f\u00fcr individuelle und sehr emotionale Geschenke, die man bequem von Zuhause gestalten kann, ist immer noch ausreichend Zeit. In diesem Zusammenhang empfehlen wir beeindruckende Fotokalender oder sehr praktische und pers\u00f6nliche Familienkalender. Mit einem pers\u00f6nlichen Fotokalender von my moments verschenken Sie zu Weihnachten Ihre emotionalsten, witzigsten und atemberaubendsten Momente des bakd ablaufenden Jahres [&hellip;]<\/p>\n","protected":false},"author":3,"featured_media":1825,"comment_status":"open","ping_status":"open","sticky":false,"template":"","format":"standard","meta":{"_mi_skip_tracking":false,"_monsterinsights_sitenote_active":false,"_monsterinsights_sitenote_note":"","_monsterinsights_sitenote_category":0,"footnotes":""},"categories":[101,100,1],"tags":[293,290,221,299,292,295,217,301,294,300,298,296,291,297],"class_list":["post-1815","post","type-post","status-publish","format-standard","has-post-thumbnail","hentry","category-foto-kunst","category-fotoworkshops-tipps","category-home","tag-farben","tag-fotokalender","tag-fotos","tag-gedichte","tag-geschenk","tag-gestaltung","tag-kreativitaet","tag-my-moments","tag-paletto","tag-qualitaet","tag-sprueche","tag-tipps","tag-weihnachten","tag-zitate"],"aioseo_notices":[],"jetpack_featured_media_url":"https:\/\/mymoments.de\/blog\/wp-content\/uploads\/Kal1-321.jpg","_links":{"self":[{"href":"https:\/\/mymoments.de\/blog\/wp-json\/wp\/v2\/posts\/1815"}],"collection":[{"href":"https:\/\/mymoments.de\/blog\/wp-json\/wp\/v2\/posts"}],"about":[{"href":"https:\/\/mymoments.de\/blog\/wp-json\/wp\/v2\/types\/post"}],"author":[{"embeddable":true,"href":"https:\/\/mymoments.de\/blog\/wp-json\/wp\/v2\/users\/3"}],"replies":[{"embeddable":true,"href":"https:\/\/mymoments.de\/blog\/wp-json\/wp\/v2\/comments?post=1815"}],"version-history":[{"count":18,"href":"https:\/\/mymoments.de\/blog\/wp-json\/wp\/v2\/posts\/1815\/revisions"}],"predecessor-version":[{"id":2739,"href":"https:\/\/mymoments.de\/blog\/wp-json\/wp\/v2\/posts\/1815\/revisions\/2739"}],"wp:featuredmedia":[{"embeddable":true,"href":"https:\/\/mymoments.de\/blog\/wp-json\/wp\/v2\/media\/1825"}],"wp:attachment":[{"href":"https:\/\/mymoments.de\/blog\/wp-json\/wp\/v2\/media?parent=1815"}],"wp:term":[{"taxonomy":"category","embeddable":true,"href":"https:\/\/mymoments.de\/blog\/wp-json\/wp\/v2\/categories?post=1815"},{"taxonomy":"post_tag","embeddable":true,"href":"https:\/\/mymoments.de\/blog\/wp-json\/wp\/v2\/tags?post=1815"}],"curies":[{"name":"wp","href":"https:\/\/api.w.org\/{rel}","templated":true}]}}